{"id":355,"date":"2019-10-03T20:59:32","date_gmt":"2019-10-03T23:59:32","guid":{"rendered":"https:\/\/renefernandes.com.br\/sitenovo\/?p=355"},"modified":"2019-10-18T15:27:20","modified_gmt":"2019-10-18T18:27:20","slug":"anaca","status":"publish","type":"post","link":"https:\/\/renefernandes.com.br\/sitenovo\/comercial\/anaca\/","title":{"rendered":"anac\u00e3"},"content":{"rendered":"<p>O projeto de reforma deste est\u00fadio de dan\u00e7a, que ocupa uma antiga resid\u00eancia na Avenida Brasil, em S\u00e3o Paulo, foi totalmente norteado pelas cores. Nas salas de aula, paredes brancas e em tons neutros comp\u00f5em ambientes iluminados e serenos, enquanto nas \u00e1reas comuns o uso de matizes fortes \u2013 como amarelo, roxo e verde \u2013 cria contraste e movimento. Desenvolvida pelo est\u00fadio de cria\u00e7\u00e3o e design Conjunto 31, a comunica\u00e7\u00e3o visual completa a composi\u00e7\u00e3o.<\/p>\n","protected":false},"excerpt":{"rendered":"<p>O projeto de reforma deste est\u00fadio de dan\u00e7a, que ocupa uma antiga resid\u00eancia na Avenida Brasil, em S\u00e3o Paulo, foi totalmente norteado pelas cores. Nas salas de aula, paredes brancas e em tons neutros comp\u00f5em ambientes iluminados e serenos, enquanto nas \u00e1reas comuns o uso de matizes fortes \u2013 como amarelo, roxo e verde \u2013 &hellip; <a href=\"https:\/\/renefernandes.com.br\/sitenovo\/comercial\/anaca\/\" class=\"more-link\">Continuar lendo <span class=\"screen-reader-text\">anac\u00e3<\/span><\/a><\/p>\n","protected":false},"author":1,"featured_media":0,"comment_status":"open","ping_status":"open","sticky":false,"template":"","format":"standard","meta":{"_acf_changed":false,"footnotes":""},"categories":[6],"tags":[],"class_list":["post-355","post","type-post","status-publish","format-standard","hentry","category-comercial"],"acf":[],"_links":{"self":[{"href":"https:\/\/renefernandes.com.br\/sitenovo\/wp-json\/wp\/v2\/posts\/355","targetHints":{"allow":["GET"]}}],"collection":[{"href":"https:\/\/renefernandes.com.br\/sitenovo\/wp-json\/wp\/v2\/posts"}],"about":[{"href":"https:\/\/renefernandes.com.br\/sitenovo\/wp-json\/wp\/v2\/types\/post"}],"author":[{"embeddable":true,"href":"https:\/\/renefernandes.com.br\/sitenovo\/wp-json\/wp\/v2\/users\/1"}],"replies":[{"embeddable":true,"href":"https:\/\/renefernandes.com.br\/sitenovo\/wp-json\/wp\/v2\/comments?post=355"}],"version-history":[{"count":3,"href":"https:\/\/renefernandes.com.br\/sitenovo\/wp-json\/wp\/v2\/posts\/355\/revisions"}],"predecessor-version":[{"id":655,"href":"https:\/\/renefernandes.com.br\/sitenovo\/wp-json\/wp\/v2\/posts\/355\/revisions\/655"}],"wp:attachment":[{"href":"https:\/\/renefernandes.com.br\/sitenovo\/wp-json\/wp\/v2\/media?parent=355"}],"wp:term":[{"taxonomy":"category","embeddable":true,"href":"https:\/\/renefernandes.com.br\/sitenovo\/wp-json\/wp\/v2\/categories?post=355"},{"taxonomy":"post_tag","embeddable":true,"href":"https:\/\/renefernandes.com.br\/sitenovo\/wp-json\/wp\/v2\/tags?post=355"}],"curies":[{"name":"wp","href":"https:\/\/api.w.org\/{rel}","templated":true}]}}