{"id":330,"date":"2019-10-03T20:37:14","date_gmt":"2019-10-03T23:37:14","guid":{"rendered":"https:\/\/renefernandes.com.br\/sitenovo\/?p=330"},"modified":"2019-10-18T15:32:11","modified_gmt":"2019-10-18T18:32:11","slug":"casa-do-saber","status":"publish","type":"post","link":"https:\/\/renefernandes.com.br\/sitenovo\/comercial\/casa-do-saber\/","title":{"rendered":"casa do saber"},"content":{"rendered":"<p>Para resolver quest\u00f5es de verba limitada e prazos apertados, o projeto de reforma da sede paulistana da Casa do Saber apostou em solu\u00e7\u00f5es que simplificassem tanto a obra civil quanto a decora\u00e7\u00e3o. Nesse contexto, as cores guiaram a ambienta\u00e7\u00e3o e deram identidade \u00e0s salas, que foram mobiliadas com pe\u00e7as de segunda m\u00e3o, garantindo a atmosfera de \u201csala de casa\u201d desejada pelo cliente.<\/p>\n","protected":false},"excerpt":{"rendered":"<p>Para resolver quest\u00f5es de verba limitada e prazos apertados, o projeto de reforma da sede paulistana da Casa do Saber apostou em solu\u00e7\u00f5es que simplificassem tanto a obra civil quanto a decora\u00e7\u00e3o. Nesse contexto, as cores guiaram a ambienta\u00e7\u00e3o e deram identidade \u00e0s salas, que foram mobiliadas com pe\u00e7as de segunda m\u00e3o, garantindo a atmosfera &hellip; <a href=\"https:\/\/renefernandes.com.br\/sitenovo\/comercial\/casa-do-saber\/\" class=\"more-link\">Continuar lendo <span class=\"screen-reader-text\">casa do saber<\/span><\/a><\/p>\n","protected":false},"author":1,"featured_media":0,"comment_status":"open","ping_status":"open","sticky":false,"template":"","format":"standard","meta":{"_acf_changed":false,"footnotes":""},"categories":[6],"tags":[],"class_list":["post-330","post","type-post","status-publish","format-standard","hentry","category-comercial"],"acf":[],"_links":{"self":[{"href":"https:\/\/renefernandes.com.br\/sitenovo\/wp-json\/wp\/v2\/posts\/330","targetHints":{"allow":["GET"]}}],"collection":[{"href":"https:\/\/renefernandes.com.br\/sitenovo\/wp-json\/wp\/v2\/posts"}],"about":[{"href":"https:\/\/renefernandes.com.br\/sitenovo\/wp-json\/wp\/v2\/types\/post"}],"author":[{"embeddable":true,"href":"https:\/\/renefernandes.com.br\/sitenovo\/wp-json\/wp\/v2\/users\/1"}],"replies":[{"embeddable":true,"href":"https:\/\/renefernandes.com.br\/sitenovo\/wp-json\/wp\/v2\/comments?post=330"}],"version-history":[{"count":3,"href":"https:\/\/renefernandes.com.br\/sitenovo\/wp-json\/wp\/v2\/posts\/330\/revisions"}],"predecessor-version":[{"id":662,"href":"https:\/\/renefernandes.com.br\/sitenovo\/wp-json\/wp\/v2\/posts\/330\/revisions\/662"}],"wp:attachment":[{"href":"https:\/\/renefernandes.com.br\/sitenovo\/wp-json\/wp\/v2\/media?parent=330"}],"wp:term":[{"taxonomy":"category","embeddable":true,"href":"https:\/\/renefernandes.com.br\/sitenovo\/wp-json\/wp\/v2\/categories?post=330"},{"taxonomy":"post_tag","embeddable":true,"href":"https:\/\/renefernandes.com.br\/sitenovo\/wp-json\/wp\/v2\/tags?post=330"}],"curies":[{"name":"wp","href":"https:\/\/api.w.org\/{rel}","templated":true}]}}